{"id":503812,"date":"2026-09-05T22:56:46","date_gmt":"2026-09-05T20:56:46","guid":{"rendered":"https:\/\/mountakhab.net\/el-aynaoui-starts-for-his-debut-leipzig-falls-to-bremen\/"},"modified":"2026-09-05T23:01:18","modified_gmt":"2026-09-05T21:01:18","slug":"el-aynaoui-starts-for-his-debut-leipzig-falls-to-bremen","status":"publish","type":"post","link":"https:\/\/mountakhab.net\/en\/el-aynaoui-starts-for-his-debut-leipzig-falls-to-bremen\/","title":{"rendered":"El Aynaoui starts for his debut, Leipzig falls to Bremen"},"content":{"rendered":"<p>Neil El Aynaoui made his debut with RB Leipzig this Saturday during the away match against Werder Bremen, part of the second round of the Bundesliga. Arriving just a few days earlier from AS Roma, the Moroccan international was immediately given a starting position by Mart\u00edn Demichelis.<\/p>\n<p>Aligned in a midfield trio alongside Nicolas Seiwald and Ezechiel Banzuzi, El Aynaoui played for 75 minutes. Available in the build-up, the Lion of the Atlas asked for the ball and executed several interesting sequences, but was unable to turn the tide of a challenging match for his new team. He was then substituted for Marc Guiu.<\/p>\n<p>Leipzig was caught off guard as early as the 4th minute by Eren Dink\u00e7i, before conceding two more goals, scored by Niclas F\u00fcllkrug in the 68th minute and Marco Gr\u00fcll in the 80th. Ridle Baku salvaged a consolation goal for the visitors in stoppage time, sealing the score at 3-1.<\/p>\n<p>Despite this defeat, El Aynaoui&#8217;s immediate starting position reflects the confidence placed in him by his coach. The Moroccan midfielder will now need to confirm his abilities in the upcoming matches and continue his adaptation to German football.<\/p>\n","protected":false},"excerpt":{"rendered":"<p>Neil El Aynaoui made his debut with RB Leipzig this Saturday during the away match against Werder Bremen, part of the second round of the Bundesliga. Arriving just a few days earlier from AS Roma, the Moroccan international was immediately given a starting position by Mart\u00edn Demichelis. Aligned in a midfield trio alongside Nicolas Seiwald<\/p>\n","protected":false},"author":0,"featured_media":503810,"comment_status":"open","ping_status":"closed","sticky":false,"template":"","format":"standard","meta":{"_acf_changed":false,"footnotes":""},"categories":[48],"tags":[1276],"maw_player":[],"class_list":["post-503812","post","type-post","status-publish","format-standard","has-post-thumbnail","category-allemagne","tag-neil-el-aynaoui"],"acf":[],"_links":{"self":[{"href":"https:\/\/mountakhab.net\/en\/wp-json\/wp\/v2\/posts\/503812","targetHints":{"allow":["GET"]}}],"collection":[{"href":"https:\/\/mountakhab.net\/en\/wp-json\/wp\/v2\/posts"}],"about":[{"href":"https:\/\/mountakhab.net\/en\/wp-json\/wp\/v2\/types\/post"}],"replies":[{"embeddable":true,"href":"https:\/\/mountakhab.net\/en\/wp-json\/wp\/v2\/comments?post=503812"}],"version-history":[{"count":1,"href":"https:\/\/mountakhab.net\/en\/wp-json\/wp\/v2\/posts\/503812\/revisions"}],"predecessor-version":[{"id":503814,"href":"https:\/\/mountakhab.net\/en\/wp-json\/wp\/v2\/posts\/503812\/revisions\/503814"}],"wp:featuredmedia":[{"embeddable":true,"href":"https:\/\/mountakhab.net\/en\/wp-json\/wp\/v2\/media\/503810"}],"wp:attachment":[{"href":"https:\/\/mountakhab.net\/en\/wp-json\/wp\/v2\/media?parent=503812"}],"wp:term":[{"taxonomy":"category","embeddable":true,"href":"https:\/\/mountakhab.net\/en\/wp-json\/wp\/v2\/categories?post=503812"},{"taxonomy":"post_tag","embeddable":true,"href":"https:\/\/mountakhab.net\/en\/wp-json\/wp\/v2\/tags?post=503812"},{"taxonomy":"maw_player","embeddable":true,"href":"https:\/\/mountakhab.net\/en\/wp-json\/wp\/v2\/maw_player?post=503812"}],"curies":[{"name":"wp","href":"https:\/\/api.w.org\/{rel}","templated":true}]}}